{"id":7211,"date":"2025-06-20T14:20:41","date_gmt":"2025-06-20T12:20:41","guid":{"rendered":"https:\/\/www.groupedorise.fr\/?p=7211"},"modified":"2025-06-20T14:22:22","modified_gmt":"2025-06-20T12:22:22","slug":"bourget_2025_equipes","status":"publish","type":"post","link":"https:\/\/www.groupedorise.fr\/de\/bourget_2025_equipes\/","title":{"rendered":"Salon du Bourget 2025, nos \u00e9quipes sur tous les fronts !"},"content":{"rendered":"\t\t<div data-elementor-type=\"wp-post\" data-elementor-id=\"7211\" class=\"elementor elementor-7211\" data-elementor-post-type=\"post\">\n\t\t\t\t<div class=\"elementor-element elementor-element-2f31e68e e-flex e-con-boxed e-con e-parent\" data-id=\"2f31e68e\" data-element_type=\"container\">\n\t\t\t\t\t<div class=\"e-con-inner\">\n\t\t\t\t<div class=\"elementor-element elementor-element-436dde02 elementor-widget elementor-widget-text-editor\" data-id=\"436dde02\" data-element_type=\"widget\" data-widget_type=\"text-editor.default\">\n\t\t\t\t<div class=\"elementor-widget-container\">\n\t\t\t\t\t\t\t<p>Depuis le lancement du salon, le <strong>Groupe Dorise<\/strong> est pleinement mobilis\u00e9 :<\/p><p><br \/>\ud83e\udd1d <strong>Rencontres avec nos clients<\/strong>,<br \/>\ud83c\udf0d <strong>Visite des clusters r\u00e9gionaux<\/strong>,<br \/>\ud83c\udf1f <strong>Participation \u00e0 la soir\u00e9e AeroExcellence organis\u00e9e par le GIFAS<\/strong>&#8230;<\/p><p>\ud83d\ude4f Merci \u00e0 toutes celles et ceux qui viennent \u00e0 notre rencontre sur le stand !<br \/><br \/><\/p><p>\ud83d\udc69\u200d\ud83d\udcbc <strong>Notre DRH est \u00e9galement pr\u00e9sente dans le cadre du programme #LAeroRecrute<\/strong> : l\u2019occasion d\u2019\u00e9changer autour des m\u00e9tiers et des opportunit\u00e9s de notre fili\u00e8re.<\/p><p>\ud83d\udccd <strong>Rendez-vous Hall 2B \u2013 Stand du GIFAS<\/strong><\/p>\t\t\t\t\t\t<\/div>\n\t\t\t\t<\/div>\n\t\t\t\t\t<\/div>\n\t\t\t\t<\/div>\n\t\t\t\t<\/div>\n\t\t","protected":false},"excerpt":{"rendered":"<p>Depuis le lancement du salon, le Groupe Dorise est pleinement mobilis\u00e9 : \ud83e\udd1d Rencontres avec nos clients,\ud83c\udf0d Visite des clusters r\u00e9gionaux,\ud83c\udf1f Participation \u00e0 la soir\u00e9e AeroExcellence organis\u00e9e par le GIFAS&#8230; \ud83d\ude4f Merci \u00e0 toutes celles et ceux qui viennent \u00e0 notre rencontre sur le stand ! \ud83d\udc69\u200d\ud83d\udcbc Notre DRH est \u00e9galement pr\u00e9sente dans le cadre [&hellip;]<\/p>\n","protected":false},"author":2,"featured_media":7213,"comment_status":"closed","ping_status":"closed","sticky":false,"template":"","format":"standard","meta":{"_acf_changed":false,"footnotes":""},"categories":[94,108],"tags":[],"class_list":["post-7211","post","type-post","status-publish","format-standard","has-post-thumbnail","hentry","category-evenements-salons","category-vie-du-groupe"],"acf":[],"_links":{"self":[{"href":"https:\/\/www.groupedorise.fr\/de\/wp-json\/wp\/v2\/posts\/7211"}],"collection":[{"href":"https:\/\/www.groupedorise.fr\/de\/wp-json\/wp\/v2\/posts"}],"about":[{"href":"https:\/\/www.groupedorise.fr\/de\/wp-json\/wp\/v2\/types\/post"}],"author":[{"embeddable":true,"href":"https:\/\/www.groupedorise.fr\/de\/wp-json\/wp\/v2\/users\/2"}],"replies":[{"embeddable":true,"href":"https:\/\/www.groupedorise.fr\/de\/wp-json\/wp\/v2\/comments?post=7211"}],"version-history":[{"count":4,"href":"https:\/\/www.groupedorise.fr\/de\/wp-json\/wp\/v2\/posts\/7211\/revisions"}],"predecessor-version":[{"id":7220,"href":"https:\/\/www.groupedorise.fr\/de\/wp-json\/wp\/v2\/posts\/7211\/revisions\/7220"}],"wp:featuredmedia":[{"embeddable":true,"href":"https:\/\/www.groupedorise.fr\/de\/wp-json\/wp\/v2\/media\/7213"}],"wp:attachment":[{"href":"https:\/\/www.groupedorise.fr\/de\/wp-json\/wp\/v2\/media?parent=7211"}],"wp:term":[{"taxonomy":"category","embeddable":true,"href":"https:\/\/www.groupedorise.fr\/de\/wp-json\/wp\/v2\/categories?post=7211"},{"taxonomy":"post_tag","embeddable":true,"href":"https:\/\/www.groupedorise.fr\/de\/wp-json\/wp\/v2\/tags?post=7211"}],"curies":[{"name":"wp","href":"https:\/\/api.w.org\/{rel}","templated":true}]}}